{"id":312,"date":"2024-11-14T14:16:08","date_gmt":"2024-11-14T14:16:08","guid":{"rendered":"https:\/\/romanmuvhazgyula.hu\/?p=312"},"modified":"2024-11-18T15:59:34","modified_gmt":"2024-11-18T15:59:34","slug":"gasztronomiai-feszival-kiallitas-es-csaladi-nap","status":"publish","type":"post","link":"https:\/\/romanmuvhazgyula.hu\/index.php\/2024\/11\/14\/gasztronomiai-feszival-kiallitas-es-csaladi-nap\/","title":{"rendered":"Gasztron\u00f3miai fesziv\u00e1l, ki\u00e1ll\u00edt\u00e1s, \u00e9s csal\u00e1di nap"},"content":{"rendered":"<p>[et_pb_section fb_built=&#8221;1&#8243; theme_builder_area=&#8221;post_content&#8221; _builder_version=&#8221;4.27.0&#8243; _module_preset=&#8221;default&#8221;][et_pb_row _builder_version=&#8221;4.27.0&#8243; _module_preset=&#8221;default&#8221; theme_builder_area=&#8221;post_content&#8221;][et_pb_column _builder_version=&#8221;4.27.0&#8243; _module_preset=&#8221;default&#8221; type=&#8221;4_4&#8243; theme_builder_area=&#8221;post_content&#8221;][et_pb_text _builder_version=&#8221;4.27.0&#8243; _module_preset=&#8221;default&#8221; theme_builder_area=&#8221;post_content&#8221; hover_enabled=&#8221;0&#8243; sticky_enabled=&#8221;0&#8243;]<\/p>\n<p style=\"text-align: justify;\">Int\u00e9zm\u00e9ny\u00fcnk a Minisztereln\u00f6ks\u00e9g Egyh\u00e1zi \u00e9s Nemzetis\u00e9gi Kapcsolatok\u00e9rt Felel\u0151s \u00c1llamtitk\u00e1rs\u00e1ga megb\u00edz\u00e1s\u00e1b\u00f3l a Bethlen G\u00e1bor Alapkezel\u0151 Zrt., mint t\u00e1mogat\u00f3 \u00e1ltal NKUL-KP-2024 p\u00e1ly\u00e1zati kateg\u00f3ria k\u00f3d\u00fa, Nemzetis\u00e9gi szakmai t\u00e1mogat\u00e1sok 2024. \u00e9vi k\u00f6lts\u00e9gvet\u00e9si t\u00e1mogat\u00e1s\u00e1ra kihirdetett p\u00e1ly\u00e1zaton a &#8222;Gasztron\u00f3miai fesztiv\u00e1l, ki\u00e1ll\u00edt\u00e1s \u00e9s csal\u00e1di nap&#8221; elnevez\u00e9s\u0171 programra 950.000,- Ft t\u00e1mogat\u00e1st nyert. A t\u00e1mogat\u00e1st teljes r\u00e9sz\u00e9t a program megval\u00f3s\u00edt\u00e1s\u00e1ra ford\u00edtottuk.<\/p>\n<p style=\"text-align: justify;\">Az Orsz\u00e1gos Rom\u00e1n Gasztron\u00f3miai Fesztiv\u00e1l hagyom\u00e1nny\u00e1 v\u00e1lt a magyarorsz\u00e1gi rom\u00e1nok, \u00e9s t\u00f6bb rom\u00e1niai telep\u00fcl\u00e9s k\u00f6r\u00e9ben. A hagyom\u00e1nyos rom\u00e1n \u00e9telek f\u0151z\u00e9se, s\u00fct\u00e9se mellett a f\u0151z\u0151versenyen megmutatta minden t\u00e1jegys\u00e9g, hogy n\u00e1luk az adott \u00e9tel hogyan is k\u00e9sz\u00fcl. A rendezv\u00e9ny lehet\u0151s\u00e9get ny\u00fajtott \u00faj k\u00f6z\u00f6ss\u00e9gi kapcsolatok ki\u00e9p\u00edt\u00e9s\u00e9re, r\u00e9gi kapcsolatok \u00e1pol\u00e1s\u00e1ra. A rom\u00e1n nyelv\u0171 kultur\u00e1lis m\u0171sor, a rom\u00e1n t\u00e1ncok bemutat\u00e1sa a rom\u00e1n kult\u00fara megjelen\u00edt\u00e9s\u00e9t szolg\u00e1lta. A rendezv\u00e9nyen fell\u00e9ptek a nagy m\u00falttal rendelkez\u0151 n\u00e9pt\u00e1ncegy\u00fctteseink, akik eleki, m\u00e9hker\u00e9ki, k\u00e9tegyh\u00e1zi, bihari t\u00e1ncokat adtak el\u0151. Az ut\u00e1np\u00f3tl\u00e1st biztos\u00edt\u00f3 iskolai egy\u00fctteseink is bemutatkozhattak hiszen nagy hangs\u00falyt fektet\u00fcnk a fiatalok bevon\u00e1s\u00e1ra kultur\u00e1lis \u00f6r\u00f6ks\u00e9g\u00fcnk meg\u0151rz\u00e9s\u00e9ben.<\/p>\n<p style=\"text-align: justify;\">A rendezv\u00e9ny 2024. \u00e9vben is a Gyulai V\u00e1r el\u0151tti impoz\u00e1ns t\u00e9ren ker\u00fclt megrendez\u00e9sre. Az helysz\u00edn \u00e9s a rendezv\u00e9ny is nagy sikert aratott a fesztiv\u00e1l r\u00e9sztvev\u0151i \u00e9s a Gyul\u00e1n tart\u00f3zkod\u00f3 turist\u00e1k, valamint a gyulaiak k\u00f6r\u00e9ben is, hiszen lehet\u0151s\u00e9g\u00fck volt betekinteni a Magyarorsz\u00e1gon \u00e9l\u0151 rom\u00e1n nemzetis\u00e9g kult\u00far\u00e1j\u00e1ba \u00e9s gasztron\u00f3mi\u00e1j\u00e1ba.<\/p>\n<p>[\/et_pb_text][et_pb_image src=&#8221;https:\/\/romanmuvhazgyula.hu\/wp-content\/uploads\/2024\/11\/keszult-magyarorszag-kormanyanak-tamogatasaval.jpg&#8221; _builder_version=&#8221;4.27.0&#8243; _module_preset=&#8221;default&#8221; theme_builder_area=&#8221;post_content&#8221; title_text=&#8221;k\u00e9sz\u00fclt magyarorsz\u00e1g korm\u00e1ny\u00e1nak t\u00e1mogat\u00e1s\u00e1val&#8221; align=&#8221;center&#8221; hover_enabled=&#8221;0&#8243; sticky_enabled=&#8221;0&#8243;][\/et_pb_image][\/et_pb_column][\/et_pb_row][\/et_pb_section]<\/p>\n","protected":false},"excerpt":{"rendered":"<p>Int\u00e9zm\u00e9ny\u00fcnk a Minisztereln\u00f6ks\u00e9g Egyh\u00e1zi \u00e9s Nemzetis\u00e9gi Kapcsolatok\u00e9rt Felel\u0151s \u00c1llamtitk\u00e1rs\u00e1ga megb\u00edz\u00e1s\u00e1b\u00f3l a Bethlen G\u00e1bor Alapkezel\u0151 Zrt., mint t\u00e1mogat\u00f3 \u00e1ltal NKUL-KP-2024 p\u00e1ly\u00e1zati kateg\u00f3ria k\u00f3d\u00fa, Nemzetis\u00e9gi szakmai t\u00e1mogat\u00e1sok 2024. \u00e9vi k\u00f6lts\u00e9gvet\u00e9si t\u00e1mogat\u00e1s\u00e1ra kihirdetett p\u00e1ly\u00e1zaton a &#8222;Gasztron\u00f3miai fesztiv\u00e1l, ki\u00e1ll\u00edt\u00e1s \u00e9s csal\u00e1di nap&#8221; elnevez\u00e9s\u0171 programra 950.000,- Ft t\u00e1mogat\u00e1st nyert. A t\u00e1mogat\u00e1st teljes r\u00e9sz\u00e9t a program megval\u00f3s\u00edt\u00e1s\u00e1ra ford\u00edtottuk. Az Orsz\u00e1gos Rom\u00e1n [&hellip;]<\/p>\n","protected":false},"author":1,"featured_media":0,"comment_status":"open","ping_status":"open","sticky":false,"template":"","format":"standard","meta":{"_et_pb_use_builder":"on","_et_pb_old_content":"","_et_gb_content_width":"","footnotes":""},"categories":[1,4],"tags":[],"class_list":["post-312","post","type-post","status-publish","format-standard","hentry","category-hirek","category-palyazatok"],"_links":{"self":[{"href":"https:\/\/romanmuvhazgyula.hu\/index.php\/wp-json\/wp\/v2\/posts\/312","targetHints":{"allow":["GET"]}}],"collection":[{"href":"https:\/\/romanmuvhazgyula.hu\/index.php\/wp-json\/wp\/v2\/posts"}],"about":[{"href":"https:\/\/romanmuvhazgyula.hu\/index.php\/wp-json\/wp\/v2\/types\/post"}],"author":[{"embeddable":true,"href":"https:\/\/romanmuvhazgyula.hu\/index.php\/wp-json\/wp\/v2\/users\/1"}],"replies":[{"embeddable":true,"href":"https:\/\/romanmuvhazgyula.hu\/index.php\/wp-json\/wp\/v2\/comments?post=312"}],"version-history":[{"count":2,"href":"https:\/\/romanmuvhazgyula.hu\/index.php\/wp-json\/wp\/v2\/posts\/312\/revisions"}],"predecessor-version":[{"id":314,"href":"https:\/\/romanmuvhazgyula.hu\/index.php\/wp-json\/wp\/v2\/posts\/312\/revisions\/314"}],"wp:attachment":[{"href":"https:\/\/romanmuvhazgyula.hu\/index.php\/wp-json\/wp\/v2\/media?parent=312"}],"wp:term":[{"taxonomy":"category","embeddable":true,"href":"https:\/\/romanmuvhazgyula.hu\/index.php\/wp-json\/wp\/v2\/categories?post=312"},{"taxonomy":"post_tag","embeddable":true,"href":"https:\/\/romanmuvhazgyula.hu\/index.php\/wp-json\/wp\/v2\/tags?post=312"}],"curies":[{"name":"wp","href":"https:\/\/api.w.org\/{rel}","templated":true}]}}